{"id":615,"date":"2015-05-10T22:03:53","date_gmt":"2015-05-10T22:03:53","guid":{"rendered":"http:\/\/www.ttlongchamps.be\/blog\/?p=615"},"modified":"2015-05-11T04:49:43","modified_gmt":"2015-05-11T04:49:43","slug":"fin-de-saison-palpitante-pour-les-equipes-du-ttc-longchamps","status":"publish","type":"post","link":"https:\/\/www.ttlongchamps.be\/blog\/competitions\/fin-de-saison-palpitante-pour-les-equipes-du-ttc-longchamps","title":{"rendered":"Fin de saison palpitante pour les \u00e9quipes du TTC Longchamps"},"content":{"rendered":"<p>22 journ\u00e9es et 2 weekends plus tard la saison du club de tennis de table de Longchamps s&rsquo;est referm\u00e9e. Au terme d&rsquo;un long suspens l&rsquo;\u00e9quipe A s&rsquo;est finalement maintenue en division III provinciale.<\/p>\n<h2>\u00c9quipes championnes, \u00e9quipes montantes<\/h2>\n<p>Les \u00e9quipes D et F ont remport\u00e9 leur championnat respectif.<br \/>\nL&rsquo;\u00e9quipe D jouera en division IV la saison prochaine, la F monte elle de VI en V.<br \/>\nL&rsquo;\u00e9quipe D n&rsquo;a pas perdu le moindre match durant la saison !<\/p>\n<p><a href=\"http:\/\/www.ttlongchamps.be\/blog\/wp-content\/uploads\/2015\/05\/equipe-f-longchamps.jpg\"><img loading=\"lazy\" decoding=\"async\" class=\"aligncenter size-full wp-image-618\" src=\"http:\/\/www.ttlongchamps.be\/blog\/wp-content\/uploads\/2015\/05\/equipe-f-longchamps.jpg\" alt=\"equipe-f-longchamps\" width=\"3920\" height=\"2008\" srcset=\"https:\/\/www.ttlongchamps.be\/blog\/wp-content\/uploads\/2015\/05\/equipe-f-longchamps.jpg 3920w, https:\/\/www.ttlongchamps.be\/blog\/wp-content\/uploads\/2015\/05\/equipe-f-longchamps-300x154.jpg 300w, https:\/\/www.ttlongchamps.be\/blog\/wp-content\/uploads\/2015\/05\/equipe-f-longchamps-1024x525.jpg 1024w\" sizes=\"auto, (max-width: 3920px) 100vw, 3920px\" \/><\/a>L&rsquo;\u00e9quipe F, celle des jeunes, a gagn\u00e9 sa premi\u00e8re place lors d&rsquo;un match difficile contre une \u00e9quipe exp\u00e9riment\u00e9e de Lafosse. F\u00e9licitations \u00e0 vous tous !<\/p>\n<p>Longchamps C jouera \u00e9galement en division IV la saison prochaine. Cette \u00e9quipe termine 1\u00e8re ex\u00e6quo du championnat avec Biermonfoy. Les confrontations directes \u00e9tant \u00e0 l&rsquo;avantage de Biermonfoy, l&rsquo;\u00e9quipe de Longchamps termine seconde du championnat et monte en division IV.<\/p>\n<h2>\u00c9quipes maintenues, \u00e9quipe sauv\u00e9e.<\/h2>\n<p>Toutes les autres \u00e9quipes du club (B, E, G, H) se sont maintenues sans trop de probl\u00e8me dans leurs divisions respectives \u00e0 l&rsquo;exception de Longchamps A qui a eu besoin des barrages pour se sauver.<\/p>\n<p>Longchamps A jouera finalement une saison suppl\u00e9mentaire en division III apr\u00e8s s&rsquo;\u00eatre sauv\u00e9e in extremis. Ant\u00e9p\u00e9nulti\u00e8me \u00e9quipe du championnat apr\u00e8s 4 victoires et 6 matches nuls, Longchamps A a du jouer les barrages pour \u00e9viter la descente. Longchamps A s&rsquo;est finalement sauv\u00e9e apr\u00e8s avoir battu Sainlez et Dinez lors de la seconde journ\u00e9e des barrages. 1\u00e8re r\u00e9serviste, Longchamps A continue l&rsquo;aventure en division III pour une ann\u00e9e au moins \ud83d\ude09<\/p>\n","protected":false},"excerpt":{"rendered":"<p>22 journ\u00e9es et 2 weekends plus tard la saison du club de tennis de table de Longchamps s&rsquo;est referm\u00e9e. Au terme d&rsquo;un long suspens l&rsquo;\u00e9quipe A s&rsquo;est finalement maintenue en division III provinciale. \u00c9quipes championnes, \u00e9quipes montantes Les \u00e9quipes D &hellip; <a href=\"https:\/\/www.ttlongchamps.be\/blog\/competitions\/fin-de-saison-palpitante-pour-les-equipes-du-ttc-longchamps\">Continuer la lecture <span class=\"meta-nav\">&rarr;<\/span><\/a><\/p>\n","protected":false},"author":1,"featured_media":0,"comment_status":"open","ping_status":"open","sticky":false,"template":"","format":"standard","meta":{"_monsterinsights_skip_tracking":false,"_monsterinsights_sitenote_active":false,"_monsterinsights_sitenote_note":"","_monsterinsights_sitenote_category":0,"ngg_post_thumbnail":0,"footnotes":""},"categories":[21],"tags":[],"class_list":["post-615","post","type-post","status-publish","format-standard","hentry","category-competitions"],"yoast_head":"<!-- This site is optimized with the Yoast SEO plugin v25.0 - https:\/\/yoast.com\/wordpress\/plugins\/seo\/ -->\n<title>Fin de saison palpitante pour les \u00e9quipes du TTC Longchamps |<\/title>\n<meta name=\"robots\" content=\"index, follow, max-snippet:-1, max-image-preview:large, max-video-preview:-1\" \/>\n<link rel=\"canonical\" href=\"https:\/\/www.ttlongchamps.be\/blog\/competitions\/fin-de-saison-palpitante-pour-les-equipes-du-ttc-longchamps\" \/>\n<meta property=\"og:locale\" content=\"fr_FR\" \/>\n<meta property=\"og:type\" content=\"article\" \/>\n<meta property=\"og:title\" content=\"Fin de saison palpitante pour les \u00e9quipes du TTC Longchamps |\" \/>\n<meta property=\"og:description\" content=\"22 journ\u00e9es et 2 weekends plus tard la saison du club de tennis de table de Longchamps s&rsquo;est referm\u00e9e. Au terme d&rsquo;un long suspens l&rsquo;\u00e9quipe A s&rsquo;est finalement maintenue en division III provinciale. \u00c9quipes championnes, \u00e9quipes montantes Les \u00e9quipes D &hellip; Continuer la lecture &rarr;\" \/>\n<meta property=\"og:url\" content=\"https:\/\/www.ttlongchamps.be\/blog\/competitions\/fin-de-saison-palpitante-pour-les-equipes-du-ttc-longchamps\" \/>\n<meta property=\"og:site_name\" content=\"Club de tennis de table de Longchamps\" \/>\n<meta property=\"article:published_time\" content=\"2015-05-10T22:03:53+00:00\" \/>\n<meta property=\"article:modified_time\" content=\"2015-05-11T04:49:43+00:00\" \/>\n<meta property=\"og:image\" content=\"http:\/\/www.ttlongchamps.be\/blog\/wp-content\/uploads\/2015\/05\/equipe-f-longchamps.jpg\" \/>\n<meta name=\"author\" content=\"TT Longchamps\" \/>\n<meta name=\"twitter:label1\" content=\"\u00c9crit par\" \/>\n\t<meta name=\"twitter:data1\" content=\"TT Longchamps\" \/>\n\t<meta name=\"twitter:label2\" content=\"Dur\u00e9e de lecture estim\u00e9e\" \/>\n\t<meta name=\"twitter:data2\" content=\"1 minute\" \/>\n<script type=\"application\/ld+json\" class=\"yoast-schema-graph\">{\"@context\":\"https:\/\/schema.org\",\"@graph\":[{\"@type\":\"WebPage\",\"@id\":\"https:\/\/www.ttlongchamps.be\/blog\/competitions\/fin-de-saison-palpitante-pour-les-equipes-du-ttc-longchamps\",\"url\":\"https:\/\/www.ttlongchamps.be\/blog\/competitions\/fin-de-saison-palpitante-pour-les-equipes-du-ttc-longchamps\",\"name\":\"Fin de saison palpitante pour les \u00e9quipes du TTC Longchamps |\",\"isPartOf\":{\"@id\":\"https:\/\/www.ttlongchamps.be\/blog\/#website\"},\"primaryImageOfPage\":{\"@id\":\"https:\/\/www.ttlongchamps.be\/blog\/competitions\/fin-de-saison-palpitante-pour-les-equipes-du-ttc-longchamps#primaryimage\"},\"image\":{\"@id\":\"https:\/\/www.ttlongchamps.be\/blog\/competitions\/fin-de-saison-palpitante-pour-les-equipes-du-ttc-longchamps#primaryimage\"},\"thumbnailUrl\":\"http:\/\/www.ttlongchamps.be\/blog\/wp-content\/uploads\/2015\/05\/equipe-f-longchamps.jpg\",\"datePublished\":\"2015-05-10T22:03:53+00:00\",\"dateModified\":\"2015-05-11T04:49:43+00:00\",\"author\":{\"@id\":\"https:\/\/www.ttlongchamps.be\/blog\/#\/schema\/person\/40df00ea480200eadf6ee890ac58b4df\"},\"breadcrumb\":{\"@id\":\"https:\/\/www.ttlongchamps.be\/blog\/competitions\/fin-de-saison-palpitante-pour-les-equipes-du-ttc-longchamps#breadcrumb\"},\"inLanguage\":\"fr-FR\",\"potentialAction\":[{\"@type\":\"ReadAction\",\"target\":[\"https:\/\/www.ttlongchamps.be\/blog\/competitions\/fin-de-saison-palpitante-pour-les-equipes-du-ttc-longchamps\"]}]},{\"@type\":\"ImageObject\",\"inLanguage\":\"fr-FR\",\"@id\":\"https:\/\/www.ttlongchamps.be\/blog\/competitions\/fin-de-saison-palpitante-pour-les-equipes-du-ttc-longchamps#primaryimage\",\"url\":\"http:\/\/www.ttlongchamps.be\/blog\/wp-content\/uploads\/2015\/05\/equipe-f-longchamps.jpg\",\"contentUrl\":\"http:\/\/www.ttlongchamps.be\/blog\/wp-content\/uploads\/2015\/05\/equipe-f-longchamps.jpg\"},{\"@type\":\"BreadcrumbList\",\"@id\":\"https:\/\/www.ttlongchamps.be\/blog\/competitions\/fin-de-saison-palpitante-pour-les-equipes-du-ttc-longchamps#breadcrumb\",\"itemListElement\":[{\"@type\":\"ListItem\",\"position\":1,\"name\":\"Accueil\",\"item\":\"https:\/\/www.ttlongchamps.be\/blog\"},{\"@type\":\"ListItem\",\"position\":2,\"name\":\"Fin de saison palpitante pour les \u00e9quipes du TTC Longchamps\"}]},{\"@type\":\"WebSite\",\"@id\":\"https:\/\/www.ttlongchamps.be\/blog\/#website\",\"url\":\"https:\/\/www.ttlongchamps.be\/blog\/\",\"name\":\"Club de tennis de table de Longchamps\",\"description\":\"Entre Bastogne et Bertogne | Province Luxembourg\",\"potentialAction\":[{\"@type\":\"SearchAction\",\"target\":{\"@type\":\"EntryPoint\",\"urlTemplate\":\"https:\/\/www.ttlongchamps.be\/blog\/?s={search_term_string}\"},\"query-input\":{\"@type\":\"PropertyValueSpecification\",\"valueRequired\":true,\"valueName\":\"search_term_string\"}}],\"inLanguage\":\"fr-FR\"},{\"@type\":\"Person\",\"@id\":\"https:\/\/www.ttlongchamps.be\/blog\/#\/schema\/person\/40df00ea480200eadf6ee890ac58b4df\",\"name\":\"TT Longchamps\",\"image\":{\"@type\":\"ImageObject\",\"inLanguage\":\"fr-FR\",\"@id\":\"https:\/\/www.ttlongchamps.be\/blog\/#\/schema\/person\/image\/\",\"url\":\"https:\/\/secure.gravatar.com\/avatar\/f50ee1fe1ad82632e63549e6c8f3ae57bca7fcd6537896732f7b8d3009c723bd?s=96&d=mm&r=g\",\"contentUrl\":\"https:\/\/secure.gravatar.com\/avatar\/f50ee1fe1ad82632e63549e6c8f3ae57bca7fcd6537896732f7b8d3009c723bd?s=96&d=mm&r=g\",\"caption\":\"TT Longchamps\"},\"url\":\"https:\/\/www.ttlongchamps.be\/blog\/author\/admin\"}]}<\/script>\n<!-- \/ Yoast SEO plugin. -->","yoast_head_json":{"title":"Fin de saison palpitante pour les \u00e9quipes du TTC Longchamps |","robots":{"index":"index","follow":"follow","max-snippet":"max-snippet:-1","max-image-preview":"max-image-preview:large","max-video-preview":"max-video-preview:-1"},"canonical":"https:\/\/www.ttlongchamps.be\/blog\/competitions\/fin-de-saison-palpitante-pour-les-equipes-du-ttc-longchamps","og_locale":"fr_FR","og_type":"article","og_title":"Fin de saison palpitante pour les \u00e9quipes du TTC Longchamps |","og_description":"22 journ\u00e9es et 2 weekends plus tard la saison du club de tennis de table de Longchamps s&rsquo;est referm\u00e9e. Au terme d&rsquo;un long suspens l&rsquo;\u00e9quipe A s&rsquo;est finalement maintenue en division III provinciale. \u00c9quipes championnes, \u00e9quipes montantes Les \u00e9quipes D &hellip; Continuer la lecture &rarr;","og_url":"https:\/\/www.ttlongchamps.be\/blog\/competitions\/fin-de-saison-palpitante-pour-les-equipes-du-ttc-longchamps","og_site_name":"Club de tennis de table de Longchamps","article_published_time":"2015-05-10T22:03:53+00:00","article_modified_time":"2015-05-11T04:49:43+00:00","og_image":[{"url":"http:\/\/www.ttlongchamps.be\/blog\/wp-content\/uploads\/2015\/05\/equipe-f-longchamps.jpg","type":"","width":"","height":""}],"author":"TT Longchamps","twitter_misc":{"\u00c9crit par":"TT Longchamps","Dur\u00e9e de lecture estim\u00e9e":"1 minute"},"schema":{"@context":"https:\/\/schema.org","@graph":[{"@type":"WebPage","@id":"https:\/\/www.ttlongchamps.be\/blog\/competitions\/fin-de-saison-palpitante-pour-les-equipes-du-ttc-longchamps","url":"https:\/\/www.ttlongchamps.be\/blog\/competitions\/fin-de-saison-palpitante-pour-les-equipes-du-ttc-longchamps","name":"Fin de saison palpitante pour les \u00e9quipes du TTC Longchamps |","isPartOf":{"@id":"https:\/\/www.ttlongchamps.be\/blog\/#website"},"primaryImageOfPage":{"@id":"https:\/\/www.ttlongchamps.be\/blog\/competitions\/fin-de-saison-palpitante-pour-les-equipes-du-ttc-longchamps#primaryimage"},"image":{"@id":"https:\/\/www.ttlongchamps.be\/blog\/competitions\/fin-de-saison-palpitante-pour-les-equipes-du-ttc-longchamps#primaryimage"},"thumbnailUrl":"http:\/\/www.ttlongchamps.be\/blog\/wp-content\/uploads\/2015\/05\/equipe-f-longchamps.jpg","datePublished":"2015-05-10T22:03:53+00:00","dateModified":"2015-05-11T04:49:43+00:00","author":{"@id":"https:\/\/www.ttlongchamps.be\/blog\/#\/schema\/person\/40df00ea480200eadf6ee890ac58b4df"},"breadcrumb":{"@id":"https:\/\/www.ttlongchamps.be\/blog\/competitions\/fin-de-saison-palpitante-pour-les-equipes-du-ttc-longchamps#breadcrumb"},"inLanguage":"fr-FR","potentialAction":[{"@type":"ReadAction","target":["https:\/\/www.ttlongchamps.be\/blog\/competitions\/fin-de-saison-palpitante-pour-les-equipes-du-ttc-longchamps"]}]},{"@type":"ImageObject","inLanguage":"fr-FR","@id":"https:\/\/www.ttlongchamps.be\/blog\/competitions\/fin-de-saison-palpitante-pour-les-equipes-du-ttc-longchamps#primaryimage","url":"http:\/\/www.ttlongchamps.be\/blog\/wp-content\/uploads\/2015\/05\/equipe-f-longchamps.jpg","contentUrl":"http:\/\/www.ttlongchamps.be\/blog\/wp-content\/uploads\/2015\/05\/equipe-f-longchamps.jpg"},{"@type":"BreadcrumbList","@id":"https:\/\/www.ttlongchamps.be\/blog\/competitions\/fin-de-saison-palpitante-pour-les-equipes-du-ttc-longchamps#breadcrumb","itemListElement":[{"@type":"ListItem","position":1,"name":"Accueil","item":"https:\/\/www.ttlongchamps.be\/blog"},{"@type":"ListItem","position":2,"name":"Fin de saison palpitante pour les \u00e9quipes du TTC Longchamps"}]},{"@type":"WebSite","@id":"https:\/\/www.ttlongchamps.be\/blog\/#website","url":"https:\/\/www.ttlongchamps.be\/blog\/","name":"Club de tennis de table de Longchamps","description":"Entre Bastogne et Bertogne | Province Luxembourg","potentialAction":[{"@type":"SearchAction","target":{"@type":"EntryPoint","urlTemplate":"https:\/\/www.ttlongchamps.be\/blog\/?s={search_term_string}"},"query-input":{"@type":"PropertyValueSpecification","valueRequired":true,"valueName":"search_term_string"}}],"inLanguage":"fr-FR"},{"@type":"Person","@id":"https:\/\/www.ttlongchamps.be\/blog\/#\/schema\/person\/40df00ea480200eadf6ee890ac58b4df","name":"TT Longchamps","image":{"@type":"ImageObject","inLanguage":"fr-FR","@id":"https:\/\/www.ttlongchamps.be\/blog\/#\/schema\/person\/image\/","url":"https:\/\/secure.gravatar.com\/avatar\/f50ee1fe1ad82632e63549e6c8f3ae57bca7fcd6537896732f7b8d3009c723bd?s=96&d=mm&r=g","contentUrl":"https:\/\/secure.gravatar.com\/avatar\/f50ee1fe1ad82632e63549e6c8f3ae57bca7fcd6537896732f7b8d3009c723bd?s=96&d=mm&r=g","caption":"TT Longchamps"},"url":"https:\/\/www.ttlongchamps.be\/blog\/author\/admin"}]}},"_links":{"self":[{"href":"https:\/\/www.ttlongchamps.be\/blog\/wp-json\/wp\/v2\/posts\/615","targetHints":{"allow":["GET"]}}],"collection":[{"href":"https:\/\/www.ttlongchamps.be\/blog\/wp-json\/wp\/v2\/posts"}],"about":[{"href":"https:\/\/www.ttlongchamps.be\/blog\/wp-json\/wp\/v2\/types\/post"}],"author":[{"embeddable":true,"href":"https:\/\/www.ttlongchamps.be\/blog\/wp-json\/wp\/v2\/users\/1"}],"replies":[{"embeddable":true,"href":"https:\/\/www.ttlongchamps.be\/blog\/wp-json\/wp\/v2\/comments?post=615"}],"version-history":[{"count":17,"href":"https:\/\/www.ttlongchamps.be\/blog\/wp-json\/wp\/v2\/posts\/615\/revisions"}],"predecessor-version":[{"id":633,"href":"https:\/\/www.ttlongchamps.be\/blog\/wp-json\/wp\/v2\/posts\/615\/revisions\/633"}],"wp:attachment":[{"href":"https:\/\/www.ttlongchamps.be\/blog\/wp-json\/wp\/v2\/media?parent=615"}],"wp:term":[{"taxonomy":"category","embeddable":true,"href":"https:\/\/www.ttlongchamps.be\/blog\/wp-json\/wp\/v2\/categories?post=615"},{"taxonomy":"post_tag","embeddable":true,"href":"https:\/\/www.ttlongchamps.be\/blog\/wp-json\/wp\/v2\/tags?post=615"}],"curies":[{"name":"wp","href":"https:\/\/api.w.org\/{rel}","templated":true}]}}